{"id":21274,"date":"2025-12-01T11:27:48","date_gmt":"2025-12-01T10:27:48","guid":{"rendered":"https:\/\/stlouis-stereinedebretagne.fr\/?p=21274"},"modified":"2025-12-01T11:27:48","modified_gmt":"2025-12-01T10:27:48","slug":"un-noel-feerique-grace-a-lapel","status":"publish","type":"post","link":"https:\/\/stlouis-stereinedebretagne.fr\/?p=21274","title":{"rendered":"Un No\u00ebl f\u00e9erique gr\u00e2ce \u00e0 l\u2019APEL"},"content":{"rendered":"\n<p><strong>Un immense merci aux parents de l\u2019APEL pour la f\u00e9erie de No\u00ebl install\u00e9e \u00e0 l\u2019\u00e9cole !<\/strong><\/p>\n\n\n\n<p>Cette ann\u00e9e, la magie de No\u00ebl s\u2019est invit\u00e9e dans notre \u00e9cole d\u2019une mani\u00e8re toute particuli\u00e8re gr\u00e2ce au formidable investissement des parents b\u00e9n\u00e9voles de l\u2019APEL. D\u00e8s leur arriv\u00e9e, les \u00e9l\u00e8ves ont eu la surprise de d\u00e9couvrir leur environnement transform\u00e9 en v\u00e9ritable d\u00e9cor de f\u00eate.<\/p>\n\n\n\n<p>L\u2019arbre de la cour s\u2019est par\u00e9 de boules. Dans les bacs potagers, les enfants ont \u00e9galement d\u00e9couvert de charmantes d\u00e9corations \u00e0 planter, qui donnent au jardin un air enchant\u00e9 et plein de po\u00e9sie.<\/p>\n\n\n\n<p>Mais la pi\u00e8ce ma\u00eetresse de cette d\u00e9coration est sans aucun doute le tra\u00eeneau enti\u00e8rement r\u00e9nov\u00e9 par les parents. Restaur\u00e9 avec soin, embelli avec go\u00fbt, il tr\u00f4ne d\u00e9sormais fi\u00e8rement dans la cour, rempli de jolis <strong> <\/strong>cadeaux qui \u00e9veillent l\u2019imagination des plus petits comme des plus grands. Un v\u00e9ritable clin d\u2019\u0153il \u00e0 l\u2019esprit de No\u00ebl et au travail passionn\u00e9 des b\u00e9n\u00e9voles.<\/p>\n\n\n\n<p>Nous tenons \u00e0 adresser un <strong>immense merci<\/strong> \u00e0 toutes celles et ceux qui ont donn\u00e9 de leur temps, de leur \u00e9nergie et de leur cr\u00e9ativit\u00e9 pour offrir aux enfants un d\u00e9cor aussi chaleureux et f\u00e9erique. Votre engagement embellit l\u2019\u00e9cole, mais surtout le quotidien des \u00e9l\u00e8ves, qui vivent cette p\u00e9riode de l\u2019Avent avec une joie d\u00e9cupl\u00e9e.<\/p>\n\n\n\n<p><br><strong>Bravo et merci pour cette magnifique d\u00e9coration de No\u00ebl !<\/strong><\/p>\n\n\t\t<style type=\"text\/css\">\n\t\t\t#gallery-1 {\n\t\t\t\tmargin: auto;\n\t\t\t}\n\t\t\t#gallery-1 .gallery-item {\n\t\t\t\tfloat: left;\n\t\t\t\tmargin-top: 10px;\n\t\t\t\ttext-align: center;\n\t\t\t\twidth: 33%;\n\t\t\t}\n\t\t\t#gallery-1 img {\n\t\t\t\tborder: 2px solid #cfcfcf;\n\t\t\t}\n\t\t\t#gallery-1 .gallery-caption {\n\t\t\t\tmargin-left: 0;\n\t\t\t}\n\t\t\t\/* see gallery_shortcode() in wp-includes\/media.php *\/\n\t\t<\/style>\n\t\t<div id='gallery-1' class='gallery galleryid-21274 gallery-columns-3 gallery-size-thumbnail'><dl class='gallery-item'>\n\t\t\t<dt class='gallery-icon portrait'>\n\t\t\t\t<a href='https:\/\/stlouis-stereinedebretagne.fr\/?attachment_id=21280'><img loading=\"lazy\" decoding=\"async\" width=\"150\" height=\"150\" src=\"https:\/\/stlouis-stereinedebretagne.fr\/wp-content\/uploads\/2025\/12\/IMG_4318-150x150.jpg\" class=\"attachment-thumbnail size-thumbnail\" alt=\"\" \/><\/a>\n\t\t\t<\/dt><\/dl><dl class='gallery-item'>\n\t\t\t<dt class='gallery-icon portrait'>\n\t\t\t\t<a href='https:\/\/stlouis-stereinedebretagne.fr\/?attachment_id=21279'><img loading=\"lazy\" decoding=\"async\" width=\"150\" height=\"150\" src=\"https:\/\/stlouis-stereinedebretagne.fr\/wp-content\/uploads\/2025\/12\/IMG_4317-150x150.jpg\" class=\"attachment-thumbnail size-thumbnail\" alt=\"\" \/><\/a>\n\t\t\t<\/dt><\/dl><dl class='gallery-item'>\n\t\t\t<dt class='gallery-icon landscape'>\n\t\t\t\t<a href='https:\/\/stlouis-stereinedebretagne.fr\/?attachment_id=21278'><img loading=\"lazy\" decoding=\"async\" width=\"150\" height=\"150\" src=\"https:\/\/stlouis-stereinedebretagne.fr\/wp-content\/uploads\/2025\/12\/IMG_4315-150x150.jpg\" class=\"attachment-thumbnail size-thumbnail\" alt=\"\" \/><\/a>\n\t\t\t<\/dt><\/dl><br style=\"clear: both\" \/><dl class='gallery-item'>\n\t\t\t<dt class='gallery-icon landscape'>\n\t\t\t\t<a href='https:\/\/stlouis-stereinedebretagne.fr\/?attachment_id=21276'><img loading=\"lazy\" decoding=\"async\" width=\"150\" height=\"150\" src=\"https:\/\/stlouis-stereinedebretagne.fr\/wp-content\/uploads\/2025\/12\/IMG_4313-150x150.jpg\" class=\"attachment-thumbnail size-thumbnail\" alt=\"\" \/><\/a>\n\t\t\t<\/dt><\/dl><dl class='gallery-item'>\n\t\t\t<dt class='gallery-icon landscape'>\n\t\t\t\t<a href='https:\/\/stlouis-stereinedebretagne.fr\/?attachment_id=21275'><img loading=\"lazy\" decoding=\"async\" width=\"150\" height=\"150\" src=\"https:\/\/stlouis-stereinedebretagne.fr\/wp-content\/uploads\/2025\/12\/IMG_4312-150x150.jpg\" class=\"attachment-thumbnail size-thumbnail\" alt=\"\" \/><\/a>\n\t\t\t<\/dt><\/dl>\n\t\t\t<br style='clear: both' \/>\n\t\t<\/div>\n\n\n\n","protected":false},"excerpt":{"rendered":"<p>Un immense merci aux parents de l\u2019APEL pour la f\u00e9erie de No\u00ebl install\u00e9e \u00e0 l\u2019\u00e9cole ! Cette ann\u00e9e, la magie de No\u00ebl s\u2019est invit\u00e9e dans notre \u00e9cole d\u2019une mani\u00e8re toute&hellip; <br \/> <a class=\"read-more\" href=\"https:\/\/stlouis-stereinedebretagne.fr\/?p=21274\">Lire la suite<\/a><\/p>\n","protected":false},"author":27,"featured_media":21277,"comment_status":"closed","ping_status":"closed","sticky":false,"template":"","format":"standard","meta":{"ngg_post_thumbnail":0,"_jetpack_memberships_contains_paid_content":false,"footnotes":""},"categories":[9,7,30,5,4],"tags":[],"class_list":["post-21274","post","type-post","status-publish","format-standard","has-post-thumbnail","hentry","category-apel","category-cm1-cm2","category-cp-ce1","category-gs-cp","category-ps-ms"],"jetpack_featured_media_url":"https:\/\/stlouis-stereinedebretagne.fr\/wp-content\/uploads\/2025\/12\/IMG_4314.jpg","jetpack_sharing_enabled":true,"_links":{"self":[{"href":"https:\/\/stlouis-stereinedebretagne.fr\/index.php?rest_route=\/wp\/v2\/posts\/21274","targetHints":{"allow":["GET"]}}],"collection":[{"href":"https:\/\/stlouis-stereinedebretagne.fr\/index.php?rest_route=\/wp\/v2\/posts"}],"about":[{"href":"https:\/\/stlouis-stereinedebretagne.fr\/index.php?rest_route=\/wp\/v2\/types\/post"}],"author":[{"embeddable":true,"href":"https:\/\/stlouis-stereinedebretagne.fr\/index.php?rest_route=\/wp\/v2\/users\/27"}],"replies":[{"embeddable":true,"href":"https:\/\/stlouis-stereinedebretagne.fr\/index.php?rest_route=%2Fwp%2Fv2%2Fcomments&post=21274"}],"version-history":[{"count":1,"href":"https:\/\/stlouis-stereinedebretagne.fr\/index.php?rest_route=\/wp\/v2\/posts\/21274\/revisions"}],"predecessor-version":[{"id":21281,"href":"https:\/\/stlouis-stereinedebretagne.fr\/index.php?rest_route=\/wp\/v2\/posts\/21274\/revisions\/21281"}],"wp:featuredmedia":[{"embeddable":true,"href":"https:\/\/stlouis-stereinedebretagne.fr\/index.php?rest_route=\/wp\/v2\/media\/21277"}],"wp:attachment":[{"href":"https:\/\/stlouis-stereinedebretagne.fr\/index.php?rest_route=%2Fwp%2Fv2%2Fmedia&parent=21274"}],"wp:term":[{"taxonomy":"category","embeddable":true,"href":"https:\/\/stlouis-stereinedebretagne.fr\/index.php?rest_route=%2Fwp%2Fv2%2Fcategories&post=21274"},{"taxonomy":"post_tag","embeddable":true,"href":"https:\/\/stlouis-stereinedebretagne.fr\/index.php?rest_route=%2Fwp%2Fv2%2Ftags&post=21274"}],"curies":[{"name":"wp","href":"https:\/\/api.w.org\/{rel}","templated":true}]}}