{"id":21704,"date":"2026-01-30T18:35:16","date_gmt":"2026-01-30T17:35:16","guid":{"rendered":"https:\/\/stlouis-stereinedebretagne.fr\/?p=21704"},"modified":"2026-01-30T18:35:16","modified_gmt":"2026-01-30T17:35:16","slug":"creation-de-sous-mains-pour-des-camarades-du-senegal","status":"publish","type":"post","link":"https:\/\/stlouis-stereinedebretagne.fr\/?p=21704","title":{"rendered":"Cr\u00e9ation de sous-mains pour des camarades du S\u00e9n\u00e9gal !"},"content":{"rendered":"","protected":true},"excerpt":{"rendered":"","protected":true},"author":20,"featured_media":21716,"comment_status":"closed","ping_status":"closed","sticky":false,"template":"","format":"standard","meta":{"ngg_post_thumbnail":0,"_jetpack_memberships_contains_paid_content":false,"footnotes":""},"categories":[5],"tags":[],"class_list":["post-21704","post","type-post","status-publish","format-standard","post-password-required","hentry","category-gs-cp"],"jetpack_featured_media_url":"https:\/\/stlouis-stereinedebretagne.fr\/wp-content\/uploads\/2026\/01\/illustration-de-vecteur-de-jour-international-pour-la-solidarite-80938312-e1769794505411.jpg","jetpack_sharing_enabled":true,"_links":{"self":[{"href":"https:\/\/stlouis-stereinedebretagne.fr\/index.php?rest_route=\/wp\/v2\/posts\/21704","targetHints":{"allow":["GET"]}}],"collection":[{"href":"https:\/\/stlouis-stereinedebretagne.fr\/index.php?rest_route=\/wp\/v2\/posts"}],"about":[{"href":"https:\/\/stlouis-stereinedebretagne.fr\/index.php?rest_route=\/wp\/v2\/types\/post"}],"author":[{"embeddable":true,"href":"https:\/\/stlouis-stereinedebretagne.fr\/index.php?rest_route=\/wp\/v2\/users\/20"}],"replies":[{"embeddable":true,"href":"https:\/\/stlouis-stereinedebretagne.fr\/index.php?rest_route=%2Fwp%2Fv2%2Fcomments&post=21704"}],"version-history":[{"count":1,"href":"https:\/\/stlouis-stereinedebretagne.fr\/index.php?rest_route=\/wp\/v2\/posts\/21704\/revisions"}],"predecessor-version":[{"id":21717,"href":"https:\/\/stlouis-stereinedebretagne.fr\/index.php?rest_route=\/wp\/v2\/posts\/21704\/revisions\/21717"}],"wp:featuredmedia":[{"embeddable":true,"href":"https:\/\/stlouis-stereinedebretagne.fr\/index.php?rest_route=\/wp\/v2\/media\/21716"}],"wp:attachment":[{"href":"https:\/\/stlouis-stereinedebretagne.fr\/index.php?rest_route=%2Fwp%2Fv2%2Fmedia&parent=21704"}],"wp:term":[{"taxonomy":"category","embeddable":true,"href":"https:\/\/stlouis-stereinedebretagne.fr\/index.php?rest_route=%2Fwp%2Fv2%2Fcategories&post=21704"},{"taxonomy":"post_tag","embeddable":true,"href":"https:\/\/stlouis-stereinedebretagne.fr\/index.php?rest_route=%2Fwp%2Fv2%2Ftags&post=21704"}],"curies":[{"name":"wp","href":"https:\/\/api.w.org\/{rel}","templated":true}]}}