{"id":5375,"date":"2019-03-19T17:27:32","date_gmt":"2019-03-19T16:27:32","guid":{"rendered":"https:\/\/stlouis-stereinedebretagne.fr\/?p=5375"},"modified":"2019-03-28T08:49:48","modified_gmt":"2019-03-28T07:49:48","slug":"le-nouveau-bureau-de-lapel","status":"publish","type":"post","link":"https:\/\/stlouis-stereinedebretagne.fr\/?p=5375","title":{"rendered":"Le nouveau bureau de l&rsquo;APEL"},"content":{"rendered":"<p>\u00a0\u00bbSuite \u00e0 l\u2019Assembl\u00e9e G\u00e9n\u00e9rale du 28 f\u00e9vrier, nous avons pu r\u00e9\u00e9lire notre bureau d\u2019APEL. Yann notre pr\u00e9sident depuis 5 ans, a laiss\u00e9 sa place. C&rsquo;est Marie qui a \u00e9t\u00e9 \u00e9lue. Le reste du bureau reste inchang\u00e9. Nous accueillons Lei pour sa premi\u00e8re ann\u00e9e parmi nous et lui souhaitons la bienvenue. S\u00e9verine, David et Lucie ont quitt\u00e9 l&rsquo;APEL cette ann\u00e9e, nous les remercions pour leur temps et leur implication durant les ann\u00e9es de pr\u00e9sence.&nbsp;<\/p>\n<p>Ci dessous vous pourrez voir le nouveau bureau au complet. \u00a0\u00bb<\/p>\n<p>&nbsp;<\/p>\n\n<p>&nbsp;<\/p>\n","protected":false},"excerpt":{"rendered":"<p>\u00a0\u00bbSuite \u00e0 l\u2019Assembl\u00e9e G\u00e9n\u00e9rale du 28 f\u00e9vrier, nous avons pu r\u00e9\u00e9lire notre bureau d\u2019APEL. Yann notre pr\u00e9sident depuis 5 ans, a laiss\u00e9 sa place. C&rsquo;est Marie qui a \u00e9t\u00e9 \u00e9lue.&hellip; <br \/> <a class=\"read-more\" href=\"https:\/\/stlouis-stereinedebretagne.fr\/?p=5375\">Lire la suite<\/a><\/p>\n","protected":false},"author":30,"featured_media":0,"comment_status":"closed","ping_status":"closed","sticky":false,"template":"","format":"standard","meta":{"ngg_post_thumbnail":0,"_jetpack_memberships_contains_paid_content":false,"footnotes":""},"categories":[9],"tags":[],"class_list":["post-5375","post","type-post","status-publish","format-standard","hentry","category-apel"],"jetpack_featured_media_url":"","jetpack_sharing_enabled":true,"_links":{"self":[{"href":"https:\/\/stlouis-stereinedebretagne.fr\/index.php?rest_route=\/wp\/v2\/posts\/5375","targetHints":{"allow":["GET"]}}],"collection":[{"href":"https:\/\/stlouis-stereinedebretagne.fr\/index.php?rest_route=\/wp\/v2\/posts"}],"about":[{"href":"https:\/\/stlouis-stereinedebretagne.fr\/index.php?rest_route=\/wp\/v2\/types\/post"}],"author":[{"embeddable":true,"href":"https:\/\/stlouis-stereinedebretagne.fr\/index.php?rest_route=\/wp\/v2\/users\/30"}],"replies":[{"embeddable":true,"href":"https:\/\/stlouis-stereinedebretagne.fr\/index.php?rest_route=%2Fwp%2Fv2%2Fcomments&post=5375"}],"version-history":[{"count":3,"href":"https:\/\/stlouis-stereinedebretagne.fr\/index.php?rest_route=\/wp\/v2\/posts\/5375\/revisions"}],"predecessor-version":[{"id":5536,"href":"https:\/\/stlouis-stereinedebretagne.fr\/index.php?rest_route=\/wp\/v2\/posts\/5375\/revisions\/5536"}],"wp:attachment":[{"href":"https:\/\/stlouis-stereinedebretagne.fr\/index.php?rest_route=%2Fwp%2Fv2%2Fmedia&parent=5375"}],"wp:term":[{"taxonomy":"category","embeddable":true,"href":"https:\/\/stlouis-stereinedebretagne.fr\/index.php?rest_route=%2Fwp%2Fv2%2Fcategories&post=5375"},{"taxonomy":"post_tag","embeddable":true,"href":"https:\/\/stlouis-stereinedebretagne.fr\/index.php?rest_route=%2Fwp%2Fv2%2Ftags&post=5375"}],"curies":[{"name":"wp","href":"https:\/\/api.w.org\/{rel}","templated":true}]}}